{"id":417957,"date":"2021-08-25T08:37:52","date_gmt":"2021-08-25T08:37:52","guid":{"rendered":"https:\/\/www.b-sharpe.com\/blog\/meilleurs-quartiers-geneve\/"},"modified":"2022-10-10T09:55:43","modified_gmt":"2022-10-10T09:55:43","slug":"meilleurs-quartiers-geneve","status":"publish","type":"post","link":"https:\/\/www.b-sharpe.com\/it\/blog\/meilleurs-quartiers-geneve\/","title":{"rendered":"Ginevra: quali sono i quartieri migliori?"},"content":{"rendered":"\n<p>Devi sapere che la seconda citt\u00e0 pi\u00f9 popolosa della Svizzera, situata tra l\u2019Alta Savoia, il dipartimento dell\u2019Ain (sul versante francese) e il lago di Ginevra, \u00e8 una delle pi\u00f9 piacevoli in cui vivere al mondo, ma anche <a href=\"https:\/\/www.b-sharpe.com\/blog\/cout-de-la-vie-a-Geneve\/\" target=\"_blank\" rel=\"noreferrer noopener\">una delle pi\u00f9 care<\/a>! Ideale per godere del lago e delle attivit\u00e0 nautiche d\u2019estate, cos\u00ec come delle stazioni sciistiche e delle montagne d\u2019inverno, Ginevra si suddivide in <a href=\"https:\/\/www.geneve.ch\/en\/what-geneva\/discover-geneva-districts\" target=\"_blank\" rel=\"noreferrer noopener\">8 quartieri principali<\/a> che ti presentiamo in questo articolo!<\/p>\n\n\n\n<p><strong>Scopri in quali quartieri della citt\u00e0 soggiornare per gustare al meglio la vita ginevrina.<\/strong><\/p>\n\n\n\n<h2 id=\"il-quartiere-acacias-batie\"  class=\"wp-block-heading\"><strong>Il quartiere Acacias B\u00e2tie<\/strong><\/h2>\n\n\n\n<p>Questo quartiere comprende le seguenti zone:<\/p>\n\n\n\n<ul class=\"wp-block-list\"><li>Acacias;<\/li><li>B\u00e2tie;<\/li><li>Saint-Georges;<\/li><li>Vernets;<\/li><li>Queue d&#8217;Arve;<\/li><li>Gravi\u00e8re.<\/li><\/ul>\n\n\n\n<p>Polmone economico della citt\u00e0 di Ginevra, <a href=\"https:\/\/www.geneve.ch\/en\/what-geneva\/discover-geneva-districts\/acacias-batie\" target=\"_blank\" rel=\"noreferrer noopener\">Acacias B\u00e2tie<\/a> \u00e8 <strong>un quartiere industriale e commerciale<\/strong>, il solo sulla riva sinistra dell\u2019Arve.\u00a0<\/p>\n\n\n\n<p>Un tempo unicamente luogo di attivit\u00e0 agricole, si \u00e8 via via trasformato in una zona industriale, artigianale e terziaria; e dal 2020 sta vivendo un profondo cambiamento grazie al progetto urbanistico PAV (<em>Praille Acacias Vernets<\/em>), che punta a farlo diventare un quartiere centrale di Ginevra.<\/p>\n\n\n\n<p>Dal lato naturalistico qui si trova uno dei polmoni della citt\u00e0, il Bois de la B\u00e2tie (12\u00a0ettari di foresta naturale), mentre per l\u2019intrattenimento la meta \u00e8 il <a href=\"https:\/\/theatreduloup.ch\/\" target=\"_blank\" rel=\"noreferrer noopener\">Th\u00e9\u00e2tre du Loup<\/a> con 10-15\u00a0spettacoli in programma ogni anno.<\/p>\n\n\n\n<div class=\"wp-block-group bs-block-pattern-promote-subscribe has-background is-layout-flow wp-block-group-is-layout-flow\" style=\"background-color:#D1C7E2\">\n<h3 class=\"has-text-align-center wp-block-heading\">Crea un account ora e approfitta del tasso di cambio b-sharpe<\/h3>\n\n\n\n<div class=\"wp-block-buttons is-horizontal is-content-justification-center is-layout-flex wp-container-core-buttons-is-layout-499968f5 wp-block-buttons-is-layout-flex\">\n<div class=\"wp-block-button\"><a class=\"wp-block-button__link\" href=\"https:\/\/secure.b-sharpe.com\/auth\/registration\/\">Creo il mio account gratuitamente<\/a><\/div>\n<\/div>\n\n\n\n<figure class=\"wp-block-image aligncenter is-resized\"><img decoding=\"async\" src=\"https:\/\/www.b-sharpe.com\/wp-content\/themes\/b-sharpe\/img\/patterns\/img-promote-subsribe.png\" alt=\"\" width=\"372\" height=\"146\"\/><\/figure>\n<\/div>\n\n\n\n<h2 id=\"il-quartiere-champel\"  class=\"wp-block-heading\"><strong>Il quartiere Champel<\/strong><\/h2>\n\n\n\n<p>Questo quartiere comprende le seguenti zone:<\/p>\n\n\n\n<ul class=\"wp-block-list\"><li>Champel;<\/li><li>Florissant;<\/li><li>Malagnou;<\/li><li>Roseraie;<\/li><li>H\u00f4pital;<\/li><li>La Colline;<\/li><li>Le Bout-du-Monde.<\/li><\/ul>\n\n\n\n<p><a href=\"https:\/\/www.geneve.ch\/en\/what-geneva\/discover-geneva-districts\/champel\" target=\"_blank\" rel=\"noreferrer noopener\">Champel<\/a>, quartiere <strong>residenziale immerso nel verde<\/strong>, \u00e8 l\u2019ideale per chi \u00e8 in cerca di un po\u2019 di tranquillit\u00e0. Anche se conta pochi negozi e ristoranti, sta rifiorendo grazie all\u2019arrivo di una delle fermate della nuova tratta ferroviaria CEVA, che collega le stazioni di Cornavin, Eaux-Vives e Annemasse (in Francia).<\/p>\n\n\n\n<p>Tra i luoghi da non perdere, la famosa Torre di Champel e il Parco Bartrand.<\/p>\n\n\n\n<p>Per quanto riguarda il <a href=\"https:\/\/realadvisor.ch\/it\/prezzi-immobili\/citta-ginevra\" target=\"_blank\" rel=\"noreferrer noopener\">mercato immobiliare<\/a>, i valori sono relativamente alti per Ginevra, con un prezzo medio di 16\u00a0551\u00a0CHF al metro quadro per un appartamento e 17\u00a0625\u00a0CHF per una villa.\u00a0<\/p>\n\n\n\n<h2 id=\"il-quartiere-eaux-vives-cite\"  class=\"wp-block-heading\"><strong>Il quartiere Eaux-Vives Cit\u00e9<\/strong><\/h2>\n\n\n\n<p>Questo quartiere comprende le seguenti zone:<\/p>\n\n\n\n<ul class=\"wp-block-list\"><li>Eaux-Vives;<\/li><li>Cit\u00e9;<\/li><li>Centre;<\/li><li>Rive;<\/li><li>Villereuse;<\/li><li>Vollandes;<\/li><li>Montchoisy;<\/li><li>Frontenex;<\/li><li>Tulipiers.<\/li><\/ul>\n\n\n\n<p>Il <strong>centro della metropoli ginevrina<\/strong>! Apprezzato dalla maggior parte dei suoi abitanti, il quartiere <a href=\"https:\/\/www.geneve.ch\/en\/what-geneva\/discover-geneva-districts\/eaux-vives-cite\" target=\"_blank\" rel=\"noreferrer noopener\">Eaux-Vives Cit\u00e9<\/a> racchiude in s\u00e9 allo stesso tempo i monumenti storici pi\u00f9 visitati della citt\u00e0, gli edifici pi\u00f9 moderni e anche i moltissimi bar dove si ritrovano i giovani per divertirsi.<\/p>\n\n\n\n<p>Qui si trova la celebre cattedrale di Saint-Pierre, circondata da grandi spazi verdi, tra cui il Parc des Bastions, la Promenade de la Treille e anche il Parc de l\u2019Observatoire. Poco distante \u00e8 possibile passeggiare per le vie dello shopping pi\u00f9 <em>in<\/em> di Ginevra, in particolare Rue de la Conf\u00e9d\u00e9ration, Rue du March\u00e9 o Rue du Rh\u00f4ne.<\/p>\n\n\n\n<p>L\u2019offerta ricettiva (hotel, camere in abitazioni private, appartamenti, case e persino imbarcazioni attraccate al molo del lago) \u00e8 la pi\u00f9 ricca di tutta Ginevra ma, come \u00e8 prevedibile, anche i prezzi del mercato immobiliare sono tra i pi\u00f9 cari, con affitti mensili fino a 3&nbsp;500&nbsp;CHF, un costo medio al metro quadro di 19&nbsp;797&nbsp;CHF per un appartamento e di 15\u2019607 CHF per una villa.<\/p>\n\n\n\n<h2 id=\"il-quartiere-grottes-saint-gervais\"  class=\"wp-block-heading\"><strong>Il quartiere Grottes Saint-Gervais<\/strong><\/h2>\n\n\n\n<p>Questo quartiere comprende le seguenti zone:<\/p>\n\n\n\n<ul class=\"wp-block-list\"><li>Grottes;<\/li><li>Saint-Gervais;<\/li><li>Chantepoulet;<\/li><li>Cornavin;<\/li><li>D\u00e9lices;<\/li><li>Cropettes;<\/li><li>Seujet;<\/li><li>Les Bergues.<\/li><\/ul>\n\n\n\n<p>Con la sua caratteristica piazza nel cuore di Ginevra, <a href=\"https:\/\/www.geneve.ch\/en\/what-geneva\/discover-geneva-districts\/grottes-saint-gervais\" target=\"_blank\" rel=\"noreferrer noopener\">Grottes Saint-Gervais<\/a> \u00e8 un quartiere che <strong>offre l\u2019atmosfera di un vero borgo dentro la citt\u00e0<\/strong>. Qui l\u2019architettura \u00e8 particolarmente originale, come lo dimostrano gli edifici affacciati su Place des Grottes o i famosi \u201cSchtroumpfs\u201d, palazzi dalle forme stravaganti con tinte pastello.<\/p>\n\n\n\n<p>Una delle mete migliori \u00e8 il celebre March\u00e9 des Grottes, che si tiene dalle 16.00 alle 20.00 ogni gioved\u00ec e offre numerosi prodotti del territorio; ma non bisogna tralasciare i migliori ristoranti del quartiere: il \u201c<a href=\"http:\/\/www.ndgeneve.ch\/\" target=\"_blank\" rel=\"noreferrer noopener\">Nomades<\/a>\u201d per la cucina orientale o il \u201c<a href=\"http:\/\/kozan-geneve.ch\/\" target=\"_blank\" rel=\"noreferrer noopener\">Kozan<\/a>\u201d per quella giapponese!\u00a0<\/p>\n\n\n\n<h2 id=\"il-quartiere-paquis-secheron\"  class=\"wp-block-heading\"><strong>Il quartiere P\u00e2quis S\u00e9cheron<\/strong><\/h2>\n\n\n\n<p>Questo quartiere comprende le seguenti zone:<\/p>\n\n\n\n<ul class=\"wp-block-list\"><li>P\u00e2quis;<\/li><li>S\u00e9cheron;<\/li><li>Navigation;<\/li><li>Wilson;<\/li><li>Prieur\u00e9;<\/li><li>Nations;<\/li><li>Rigot.<\/li><\/ul>\n\n\n\n<p>Per chi ama il centro citt\u00e0, <a href=\"https:\/\/www.geneve.ch\/en\/what-geneva\/discover-geneva-districts\/paquis-secheron\" target=\"_blank\" rel=\"noreferrer noopener\">P\u00e2quis S\u00e9cheron<\/a> \u00e8 il <strong>quartiere cosmopolita e trendy<\/strong> che vive di giorno tanto quanto di notte. Oltre ai numerosi bar, ristoranti e cabaret, questo quartiere ginevrino ospita anche la maggior parte delle (molte) organizzazioni internazionali che hanno sede in citt\u00e0.<\/p>\n\n\n\n<p>Ma non per questo bisogna abbassare la guardia: alcune vie possono essere mal frequentate, soprattutto di notte.<\/p>\n\n\n\n<p>Per quanto riguarda gli affitti, \u00e8 il quartiere meno caro di Ginevra! Anche se con sensibili variazioni, i canoni possono andare da 800&nbsp;CHF al mese per un semplice monolocale fino a 3&nbsp;000&nbsp;CHF per un 3-4 locali.<\/p>\n\n\n\n<h2 id=\"il-quartiere-plainpalais-jonction\"  class=\"wp-block-heading\"><strong>Il quartiere Plainpalais Jonction<\/strong><\/h2>\n\n\n\n<p>Questo quartiere comprende le seguenti zone:<\/p>\n\n\n\n<ul class=\"wp-block-list\"><li>Plainpalais;<\/li><li>Cluse;<\/li><li>Philosophes;<\/li><li>Jonction;<\/li><li>Village suisse;<\/li><li>Ansermet;<\/li><li>Dancet;<\/li><li>Minoteries;<\/li><li>Augustins.<\/li><\/ul>\n\n\n\n<p>Particolarmente <strong>ideale per le famiglie<\/strong>, <a href=\"https:\/\/www.geneve.ch\/en\/what-geneva\/discover-geneva-districts\/plainpalais-jonction\" target=\"_blank\" rel=\"noreferrer noopener\">Plainpalais Jonction<\/a> \u00e8 un quartiere nato nella zona acquitrinosa di Palais, tra l\u2019Arve e il Rodano. Con il mercatino delle pulci, che offre prodotti locali, i moli e i viali perfetti per le passeggiate, la quiete che si respira qui \u00e8 molto piacevole; il tutto a solo qualche minuto dal centro citt\u00e0 ginevrino.<\/p>\n\n\n\n<p>Dal punto di vista del mercato immobiliare il quartiere propone un\u2019ampia offerta di abitazioni in vendita o in affitto, con prezzi relativamente alti (circa 14&nbsp;355&nbsp;CHF in media al metro quadrato).<\/p>\n\n\n\n<h2 id=\"il-quartier-saint-jean-charmilles\"  class=\"wp-block-heading\"><strong>Il quartier Saint-Jean Charmilles<\/strong><\/h2>\n\n\n\n<p>Questo quartiere comprende le seguenti zone:<\/p>\n\n\n\n<ul class=\"wp-block-list\"><li>Saint-Jean;<\/li><li>Charmilles;<\/li><li>Ch\u00e2telaine;<\/li><li>Cit\u00e9 Vieusseux;<\/li><li>Liotard;<\/li><li>Poterie;<\/li><li>Geisendorf;<\/li><li>Les Franchises;<\/li><li>Concorde.<\/li><\/ul>\n\n\n\n<p><a href=\"https:\/\/www.geneve.ch\/en\/what-geneva\/discover-geneva-districts\/saint-jean-charmilles\" target=\"_blank\" rel=\"noreferrer noopener\">Saint-Jean Charmilles<\/a>, tra la riva destra del Rodano e les Grottes, \u00e8 <strong>un quartiere a parte di Ginevra<\/strong>. Noto per il suo stile insolito, a met\u00e0 fra natura e urbanistica dinamica, qui \u00e8 possibile ammirare edifici degli anni Settanta o immergersi in un\u2019atmosfera di altri tempi visitando la zona di Saint-Jean, che a tratti conserva le fattezze di un vecchio borgo.<\/p>\n\n\n\n<p>Se sei a Ginevra per studio, devi sapere che in questo quartiere hanno sede molte grandi scuole, tra cui la HEAD (<em>Haute \u00c9cole d\u2019Art e de Design<\/em>) con un campus nel Parco Gustave &amp; L\u00e9onard Hentsch. Ma forse non \u00e8 il migliore per la vivace vita studentesca: Saint-Jean Charmilles conta pochissimi bar e non \u00e8 rinomato per il divertimento notturno, anche se non mancano ottimi ristoranti!<\/p>\n\n\n\n<p>Da non perdere, infine, la famosa Maison Ronde, il cui stile particolare si sposa alla perfezione con il resto del quartiere.<\/p>\n\n\n\n<h2 id=\"il-quartiere-servette-petit-saconnex\"  class=\"wp-block-heading\"><strong>Il quartiere Servette Petit-Saconnex<\/strong><\/h2>\n\n\n\n<p>Questo quartiere comprende le seguenti zone:<\/p>\n\n\n\n<ul class=\"wp-block-list\"><li>Servette;<\/li><li>Petit-Saconnex;<\/li><li>Bouchet;<\/li><li>Moillebeau;<\/li><li>Grand-Pr\u00e9;<\/li><li>Vermont;<\/li><li>Beaulieu;<\/li><li>Varemb\u00e9.<\/li><\/ul>\n\n\n\n<p>Uno dei <strong>quartieri pi\u00f9 popolosi e popolari della citt\u00e0<\/strong>, <a href=\"https:\/\/www.geneve.ch\/en\/what-geneva\/discover-geneva-districts\/servette-petit-saconnex\" target=\"_blank\" rel=\"noreferrer noopener\">Servette Petit-Saconnex<\/a> riunisce circa il 15% della popolazione ginevrina. E se d\u2019un lato Servette \u00e8 l\u2019ideale per chi vuole avere tutto a portata di mano senza dover prendere l\u2019auto e vivere in una zona multiculturale molto animata, dall\u2019altro Petit-Saconnex ha conservato numerosi aspetti rurali e si rivolge piuttosto agli amanti della calma e della natura.<\/p>\n\n\n\n<p>In questo quartiere, si trovano quindi parchi magnifici, tra cui il Giardino Botanico o il Parc Mon Repos, ed \u00e8 possibile passeggiare piacevolmente lungo la Promenade des Cr\u00eats.<\/p>\n\n\n\n<p>Per quanto riguarda il mercato immobiliare, i valori sono mediamente alti per Ginevra, con un prezzo medio di 12&nbsp;000&nbsp;CHF al metro quadro per una villa e 14&nbsp;249&nbsp;CHF per un appartamento.<\/p>\n\n\n\n<p><strong>Adesso conosci le caratteristiche dei diversi quartieri di Ginevra e puoi scegliere quello che risponde di pi\u00f9 alle tue aspettative per un soggiorno!<\/strong><\/p>\n","protected":false},"excerpt":{"rendered":"<p>Passerai qualche giorno a Ginevra per una vacanza o un viaggio d\u2019affari? O sei in procinto di trasferirti qui qualche anno per studio o per lavoro?<\/p>\n","protected":false},"author":28,"featured_media":119368,"comment_status":"open","ping_status":"open","sticky":false,"template":"","format":"standard","meta":{"_acf_changed":false,"footnotes":""},"categories":[153],"tags":[],"class_list":["post-417957","post","type-post","status-publish","format-standard","has-post-thumbnail","hentry","category-vivere-in-svizzera"],"acf":[],"yoast_head":"<!-- This site is optimized with the Yoast SEO plugin v26.9 - https:\/\/yoast.com\/product\/yoast-seo-wordpress\/ -->\n<title>TOP des Meilleurs Quartiers de Gen\u00e8ve (2021)<\/title>\n<meta name=\"description\" content=\"D\u00e9couvrez dans quels quartiers de Gen\u00e8ve vous devriez vous installer pour profiter au mieux de la vie genevoise (et ceux \u00e0 \u00e9viter).\" \/>\n<meta name=\"robots\" content=\"index, follow, max-snippet:-1, max-image-preview:large, max-video-preview:-1\" \/>\n<link rel=\"canonical\" href=\"https:\/\/www.b-sharpe.com\/it\/blog\/meilleurs-quartiers-geneve\/\" \/>\n<meta property=\"og:locale\" content=\"it_IT\" \/>\n<meta property=\"og:type\" content=\"article\" \/>\n<meta property=\"og:title\" content=\"TOP des Meilleurs Quartiers de Gen\u00e8ve (2021)\" \/>\n<meta property=\"og:description\" content=\"D\u00e9couvrez dans quels quartiers de Gen\u00e8ve vous devriez vous installer pour profiter au mieux de la vie genevoise (et ceux \u00e0 \u00e9viter).\" \/>\n<meta property=\"og:url\" content=\"https:\/\/www.b-sharpe.com\/it\/blog\/meilleurs-quartiers-geneve\/\" \/>\n<meta property=\"og:site_name\" content=\"b-sharpe\" \/>\n<meta property=\"article:published_time\" content=\"2021-08-25T08:37:52+00:00\" \/>\n<meta property=\"article:modified_time\" content=\"2022-10-10T09:55:43+00:00\" \/>\n<meta property=\"og:image\" content=\"https:\/\/www.b-sharpe.com\/wp-content\/uploads\/2021\/08\/quartiers-geneve.jpg\" \/>\n\t<meta property=\"og:image:width\" content=\"1920\" \/>\n\t<meta property=\"og:image:height\" content=\"1080\" \/>\n\t<meta property=\"og:image:type\" content=\"image\/jpeg\" \/>\n<meta name=\"author\" content=\"Margaux Malek\" \/>\n<meta name=\"twitter:card\" content=\"summary_large_image\" \/>\n<meta name=\"twitter:label1\" content=\"Scritto da\" \/>\n\t<meta name=\"twitter:data1\" content=\"Margaux Malek\" \/>\n\t<meta name=\"twitter:label2\" content=\"Tempo di lettura stimato\" \/>\n\t<meta name=\"twitter:data2\" content=\"7 minuti\" \/>\n<script type=\"application\/ld+json\" class=\"yoast-schema-graph\">{\"@context\":\"https:\/\/schema.org\",\"@graph\":[{\"@type\":\"Article\",\"@id\":\"https:\/\/www.b-sharpe.com\/it\/blog\/meilleurs-quartiers-geneve\/#article\",\"isPartOf\":{\"@id\":\"https:\/\/www.b-sharpe.com\/it\/blog\/meilleurs-quartiers-geneve\/\"},\"author\":{\"name\":\"Margaux Malek\",\"@id\":\"https:\/\/www.b-sharpe.com\/it\/#\/schema\/person\/a2f3535d4920e71d748fbe599fa8efc3\"},\"headline\":\"Ginevra: quali sono i quartieri migliori?\",\"datePublished\":\"2021-08-25T08:37:52+00:00\",\"dateModified\":\"2022-10-10T09:55:43+00:00\",\"mainEntityOfPage\":{\"@id\":\"https:\/\/www.b-sharpe.com\/it\/blog\/meilleurs-quartiers-geneve\/\"},\"wordCount\":1220,\"commentCount\":0,\"image\":{\"@id\":\"https:\/\/www.b-sharpe.com\/it\/blog\/meilleurs-quartiers-geneve\/#primaryimage\"},\"thumbnailUrl\":\"https:\/\/www.b-sharpe.com\/wp-content\/uploads\/2021\/08\/quartiers-geneve.jpg\",\"articleSection\":[\"Vivere in Svizzera\"],\"inLanguage\":\"it-IT\",\"potentialAction\":[{\"@type\":\"CommentAction\",\"name\":\"Comment\",\"target\":[\"https:\/\/www.b-sharpe.com\/it\/blog\/meilleurs-quartiers-geneve\/#respond\"]}]},{\"@type\":\"WebPage\",\"@id\":\"https:\/\/www.b-sharpe.com\/it\/blog\/meilleurs-quartiers-geneve\/\",\"url\":\"https:\/\/www.b-sharpe.com\/it\/blog\/meilleurs-quartiers-geneve\/\",\"name\":\"TOP des Meilleurs Quartiers de Gen\u00e8ve (2021)\",\"isPartOf\":{\"@id\":\"https:\/\/www.b-sharpe.com\/it\/#website\"},\"primaryImageOfPage\":{\"@id\":\"https:\/\/www.b-sharpe.com\/it\/blog\/meilleurs-quartiers-geneve\/#primaryimage\"},\"image\":{\"@id\":\"https:\/\/www.b-sharpe.com\/it\/blog\/meilleurs-quartiers-geneve\/#primaryimage\"},\"thumbnailUrl\":\"https:\/\/www.b-sharpe.com\/wp-content\/uploads\/2021\/08\/quartiers-geneve.jpg\",\"datePublished\":\"2021-08-25T08:37:52+00:00\",\"dateModified\":\"2022-10-10T09:55:43+00:00\",\"author\":{\"@id\":\"https:\/\/www.b-sharpe.com\/it\/#\/schema\/person\/a2f3535d4920e71d748fbe599fa8efc3\"},\"description\":\"D\u00e9couvrez dans quels quartiers de Gen\u00e8ve vous devriez vous installer pour profiter au mieux de la vie genevoise (et ceux \u00e0 \u00e9viter).\",\"breadcrumb\":{\"@id\":\"https:\/\/www.b-sharpe.com\/it\/blog\/meilleurs-quartiers-geneve\/#breadcrumb\"},\"inLanguage\":\"it-IT\",\"potentialAction\":[{\"@type\":\"ReadAction\",\"target\":[\"https:\/\/www.b-sharpe.com\/it\/blog\/meilleurs-quartiers-geneve\/\"]}]},{\"@type\":\"ImageObject\",\"inLanguage\":\"it-IT\",\"@id\":\"https:\/\/www.b-sharpe.com\/it\/blog\/meilleurs-quartiers-geneve\/#primaryimage\",\"url\":\"https:\/\/www.b-sharpe.com\/wp-content\/uploads\/2021\/08\/quartiers-geneve.jpg\",\"contentUrl\":\"https:\/\/www.b-sharpe.com\/wp-content\/uploads\/2021\/08\/quartiers-geneve.jpg\",\"width\":1920,\"height\":1080},{\"@type\":\"BreadcrumbList\",\"@id\":\"https:\/\/www.b-sharpe.com\/it\/blog\/meilleurs-quartiers-geneve\/#breadcrumb\",\"itemListElement\":[{\"@type\":\"ListItem\",\"position\":1,\"name\":\"Accueil\",\"item\":\"https:\/\/www.b-sharpe.com\/it\/\"},{\"@type\":\"ListItem\",\"position\":2,\"name\":\"Ginevra: quali sono i quartieri migliori?\"}]},{\"@type\":\"WebSite\",\"@id\":\"https:\/\/www.b-sharpe.com\/it\/#website\",\"url\":\"https:\/\/www.b-sharpe.com\/it\/\",\"name\":\"b-sharpe\",\"description\":\"Le change en ligne de qualit\u00e9 suisse\",\"potentialAction\":[{\"@type\":\"SearchAction\",\"target\":{\"@type\":\"EntryPoint\",\"urlTemplate\":\"https:\/\/www.b-sharpe.com\/it\/?s={search_term_string}\"},\"query-input\":{\"@type\":\"PropertyValueSpecification\",\"valueRequired\":true,\"valueName\":\"search_term_string\"}}],\"inLanguage\":\"it-IT\"},{\"@type\":\"Person\",\"@id\":\"https:\/\/www.b-sharpe.com\/it\/#\/schema\/person\/a2f3535d4920e71d748fbe599fa8efc3\",\"name\":\"Margaux Malek\",\"image\":{\"@type\":\"ImageObject\",\"inLanguage\":\"it-IT\",\"@id\":\"https:\/\/www.b-sharpe.com\/it\/#\/schema\/person\/image\/\",\"url\":\"https:\/\/secure.gravatar.com\/avatar\/4282f1bdb886d33ca5a11251f6e2e9f8b29e163adeb6bb86aa014be478402cf1?s=96&d=blank&r=g\",\"contentUrl\":\"https:\/\/secure.gravatar.com\/avatar\/4282f1bdb886d33ca5a11251f6e2e9f8b29e163adeb6bb86aa014be478402cf1?s=96&d=blank&r=g\",\"caption\":\"Margaux Malek\"},\"description\":\"Brand Manager\",\"url\":\"https:\/\/www.b-sharpe.com\/it\/blog\/author\/margaux\/\"}]}<\/script>\n<!-- \/ Yoast SEO plugin. -->","yoast_head_json":{"title":"TOP des Meilleurs Quartiers de Gen\u00e8ve (2021)","description":"D\u00e9couvrez dans quels quartiers de Gen\u00e8ve vous devriez vous installer pour profiter au mieux de la vie genevoise (et ceux \u00e0 \u00e9viter).","robots":{"index":"index","follow":"follow","max-snippet":"max-snippet:-1","max-image-preview":"max-image-preview:large","max-video-preview":"max-video-preview:-1"},"canonical":"https:\/\/www.b-sharpe.com\/it\/blog\/meilleurs-quartiers-geneve\/","og_locale":"it_IT","og_type":"article","og_title":"TOP des Meilleurs Quartiers de Gen\u00e8ve (2021)","og_description":"D\u00e9couvrez dans quels quartiers de Gen\u00e8ve vous devriez vous installer pour profiter au mieux de la vie genevoise (et ceux \u00e0 \u00e9viter).","og_url":"https:\/\/www.b-sharpe.com\/it\/blog\/meilleurs-quartiers-geneve\/","og_site_name":"b-sharpe","article_published_time":"2021-08-25T08:37:52+00:00","article_modified_time":"2022-10-10T09:55:43+00:00","og_image":[{"width":1920,"height":1080,"url":"https:\/\/www.b-sharpe.com\/wp-content\/uploads\/2021\/08\/quartiers-geneve.jpg","type":"image\/jpeg"}],"author":"Margaux Malek","twitter_card":"summary_large_image","twitter_misc":{"Scritto da":"Margaux Malek","Tempo di lettura stimato":"7 minuti"},"schema":{"@context":"https:\/\/schema.org","@graph":[{"@type":"Article","@id":"https:\/\/www.b-sharpe.com\/it\/blog\/meilleurs-quartiers-geneve\/#article","isPartOf":{"@id":"https:\/\/www.b-sharpe.com\/it\/blog\/meilleurs-quartiers-geneve\/"},"author":{"name":"Margaux Malek","@id":"https:\/\/www.b-sharpe.com\/it\/#\/schema\/person\/a2f3535d4920e71d748fbe599fa8efc3"},"headline":"Ginevra: quali sono i quartieri migliori?","datePublished":"2021-08-25T08:37:52+00:00","dateModified":"2022-10-10T09:55:43+00:00","mainEntityOfPage":{"@id":"https:\/\/www.b-sharpe.com\/it\/blog\/meilleurs-quartiers-geneve\/"},"wordCount":1220,"commentCount":0,"image":{"@id":"https:\/\/www.b-sharpe.com\/it\/blog\/meilleurs-quartiers-geneve\/#primaryimage"},"thumbnailUrl":"https:\/\/www.b-sharpe.com\/wp-content\/uploads\/2021\/08\/quartiers-geneve.jpg","articleSection":["Vivere in Svizzera"],"inLanguage":"it-IT","potentialAction":[{"@type":"CommentAction","name":"Comment","target":["https:\/\/www.b-sharpe.com\/it\/blog\/meilleurs-quartiers-geneve\/#respond"]}]},{"@type":"WebPage","@id":"https:\/\/www.b-sharpe.com\/it\/blog\/meilleurs-quartiers-geneve\/","url":"https:\/\/www.b-sharpe.com\/it\/blog\/meilleurs-quartiers-geneve\/","name":"TOP des Meilleurs Quartiers de Gen\u00e8ve (2021)","isPartOf":{"@id":"https:\/\/www.b-sharpe.com\/it\/#website"},"primaryImageOfPage":{"@id":"https:\/\/www.b-sharpe.com\/it\/blog\/meilleurs-quartiers-geneve\/#primaryimage"},"image":{"@id":"https:\/\/www.b-sharpe.com\/it\/blog\/meilleurs-quartiers-geneve\/#primaryimage"},"thumbnailUrl":"https:\/\/www.b-sharpe.com\/wp-content\/uploads\/2021\/08\/quartiers-geneve.jpg","datePublished":"2021-08-25T08:37:52+00:00","dateModified":"2022-10-10T09:55:43+00:00","author":{"@id":"https:\/\/www.b-sharpe.com\/it\/#\/schema\/person\/a2f3535d4920e71d748fbe599fa8efc3"},"description":"D\u00e9couvrez dans quels quartiers de Gen\u00e8ve vous devriez vous installer pour profiter au mieux de la vie genevoise (et ceux \u00e0 \u00e9viter).","breadcrumb":{"@id":"https:\/\/www.b-sharpe.com\/it\/blog\/meilleurs-quartiers-geneve\/#breadcrumb"},"inLanguage":"it-IT","potentialAction":[{"@type":"ReadAction","target":["https:\/\/www.b-sharpe.com\/it\/blog\/meilleurs-quartiers-geneve\/"]}]},{"@type":"ImageObject","inLanguage":"it-IT","@id":"https:\/\/www.b-sharpe.com\/it\/blog\/meilleurs-quartiers-geneve\/#primaryimage","url":"https:\/\/www.b-sharpe.com\/wp-content\/uploads\/2021\/08\/quartiers-geneve.jpg","contentUrl":"https:\/\/www.b-sharpe.com\/wp-content\/uploads\/2021\/08\/quartiers-geneve.jpg","width":1920,"height":1080},{"@type":"BreadcrumbList","@id":"https:\/\/www.b-sharpe.com\/it\/blog\/meilleurs-quartiers-geneve\/#breadcrumb","itemListElement":[{"@type":"ListItem","position":1,"name":"Accueil","item":"https:\/\/www.b-sharpe.com\/it\/"},{"@type":"ListItem","position":2,"name":"Ginevra: quali sono i quartieri migliori?"}]},{"@type":"WebSite","@id":"https:\/\/www.b-sharpe.com\/it\/#website","url":"https:\/\/www.b-sharpe.com\/it\/","name":"b-sharpe","description":"Le change en ligne de qualit\u00e9 suisse","potentialAction":[{"@type":"SearchAction","target":{"@type":"EntryPoint","urlTemplate":"https:\/\/www.b-sharpe.com\/it\/?s={search_term_string}"},"query-input":{"@type":"PropertyValueSpecification","valueRequired":true,"valueName":"search_term_string"}}],"inLanguage":"it-IT"},{"@type":"Person","@id":"https:\/\/www.b-sharpe.com\/it\/#\/schema\/person\/a2f3535d4920e71d748fbe599fa8efc3","name":"Margaux Malek","image":{"@type":"ImageObject","inLanguage":"it-IT","@id":"https:\/\/www.b-sharpe.com\/it\/#\/schema\/person\/image\/","url":"https:\/\/secure.gravatar.com\/avatar\/4282f1bdb886d33ca5a11251f6e2e9f8b29e163adeb6bb86aa014be478402cf1?s=96&d=blank&r=g","contentUrl":"https:\/\/secure.gravatar.com\/avatar\/4282f1bdb886d33ca5a11251f6e2e9f8b29e163adeb6bb86aa014be478402cf1?s=96&d=blank&r=g","caption":"Margaux Malek"},"description":"Brand Manager","url":"https:\/\/www.b-sharpe.com\/it\/blog\/author\/margaux\/"}]}},"_links":{"self":[{"href":"https:\/\/www.b-sharpe.com\/it\/wp-json\/wp\/v2\/posts\/417957","targetHints":{"allow":["GET"]}}],"collection":[{"href":"https:\/\/www.b-sharpe.com\/it\/wp-json\/wp\/v2\/posts"}],"about":[{"href":"https:\/\/www.b-sharpe.com\/it\/wp-json\/wp\/v2\/types\/post"}],"author":[{"embeddable":true,"href":"https:\/\/www.b-sharpe.com\/it\/wp-json\/wp\/v2\/users\/28"}],"replies":[{"embeddable":true,"href":"https:\/\/www.b-sharpe.com\/it\/wp-json\/wp\/v2\/comments?post=417957"}],"version-history":[{"count":2,"href":"https:\/\/www.b-sharpe.com\/it\/wp-json\/wp\/v2\/posts\/417957\/revisions"}],"predecessor-version":[{"id":422010,"href":"https:\/\/www.b-sharpe.com\/it\/wp-json\/wp\/v2\/posts\/417957\/revisions\/422010"}],"wp:featuredmedia":[{"embeddable":true,"href":"https:\/\/www.b-sharpe.com\/it\/wp-json\/wp\/v2\/media\/119368"}],"wp:attachment":[{"href":"https:\/\/www.b-sharpe.com\/it\/wp-json\/wp\/v2\/media?parent=417957"}],"wp:term":[{"taxonomy":"category","embeddable":true,"href":"https:\/\/www.b-sharpe.com\/it\/wp-json\/wp\/v2\/categories?post=417957"},{"taxonomy":"post_tag","embeddable":true,"href":"https:\/\/www.b-sharpe.com\/it\/wp-json\/wp\/v2\/tags?post=417957"}],"curies":[{"name":"wp","href":"https:\/\/api.w.org\/{rel}","templated":true}]}}